{"id":4493,"date":"2018-05-16T11:49:12","date_gmt":"2018-05-16T10:49:12","guid":{"rendered":"https:\/\/ingiru.com\/asu-mari\/"},"modified":"2018-05-16T11:49:55","modified_gmt":"2018-05-16T10:49:55","slug":"asu-mari","status":"publish","type":"post","link":"https:\/\/ingiru.com\/eu\/asu-mari\/","title":{"rendered":"asu mari"},"content":{"rendered":"<p>[et_pb_section bb_built=\u00bb1&#8243; admin_label=\u00bbsection\u00bb _builder_version=\u00bb3.0.47&#8243;][et_pb_row admin_label=\u00bbrow\u00bb _builder_version=\u00bb3.0.47&#8243; background_size=\u00bbinitial\u00bb background_position=\u00bbtop_left\u00bb background_repeat=\u00bbrepeat\u00bb][et_pb_column type=\u00bb4_4&#8243;][et_pb_text _builder_version=\u00bb3.2.2&#8243; background_size=\u00bbinitial\u00bb background_position=\u00bbtop_left\u00bb background_repeat=\u00bbrepeat\u00bb use_border_color=\u00bboff\u00bb]<\/p>\n<p>4 eta 8 etxebizitzetako kooperatibak Sopelako udal barrutian. Etxebizitza bakoitzak terraza, lorategi gune handia eta txokoa dauzka. Logela 1 eta 2koak, 90 m\u00b2-tik aurrera. Larrabasterrako metro eta Arrietara Atxabiribil hondartzaren ondoan.<\/p>\n<p>[\/et_pb_text][et_pb_text _builder_version=\u00bb3.0.47&#8243; background_size=\u00bbinitial\u00bb background_position=\u00bbtop_left\u00bb background_repeat=\u00bbrepeat\u00bb use_border_color=\u00bboff\u00bb border_color=\u00bb#ffffff\u00bb border_style=\u00bbsolid\u00bb]<\/p>\n<h1>Asu Mari 10<\/h1>\n<p>8 etxebizitzetako kooperatibak Sopelako udal barrutian. Etxebizitza bakoitzak terraza, lorategi gune handia eta txokoa dauzka. Logela 1 eta 2koak, 110-190 m\u00b2-tik aurrera. Larrabasterrako metro eta Arrietara Atxabiribil hondartzaren ondoan.<\/p>\n<table style=\"margin: 10px;\">\n<tbody>\n<tr>\n<td style=\"width: 100px;\">1. VIVIENDA_A<\/td>\n<td style=\"width: 70px;\">140,54m\u00b2<\/td>\n<td style=\"width: 70px;\">2 hab.<\/td>\n<\/tr>\n<tr>\n<td style=\"width: 100px;\">2. VIVIENDA_B<\/td>\n<td style=\"width: 70px;\">108,66m\u00b2<\/td>\n<td style=\"width: 70px;\">1 hab.<\/td>\n<\/tr>\n<tr>\n<td style=\"width: 100px;\">3. VIVIENDA_C<\/td>\n<td style=\"width: 70px;\">108,61m\u00b2<\/td>\n<td style=\"width: 70px;\">1 hab.<\/td>\n<\/tr>\n<tr>\n<td style=\"width: 100px;\">4. VIVIENDA_D<\/td>\n<td style=\"width: 70px;\">193,02m\u00b2<\/td>\n<td style=\"width: 70px;\">1 hab.<\/td>\n<\/tr>\n<tr>\n<td style=\"width: 100px;\">5. VIVIENDA_E<\/td>\n<td style=\"width: 70px;\">195,78m\u00b2<\/td>\n<td style=\"width: 70px;\">1 hab.<\/td>\n<\/tr>\n<tr>\n<td style=\"width: 100px;\">6. VIVIENDA_F<\/td>\n<td style=\"width: 70px;\">101,66m\u00b2<\/td>\n<td style=\"width: 70px;\">1 hab.<\/td>\n<\/tr>\n<tr>\n<td style=\"width: 100px;\">7. VIVIENDA_G<\/td>\n<td style=\"width: 70px;\">100,19m\u00b2<\/td>\n<td style=\"width: 70px;\">1 hab.<\/td>\n<\/tr>\n<tr>\n<td style=\"width: 100px;\">8. VIVIENDA_H<\/td>\n<td style=\"width: 70px;\">155,85m\u00b2<\/td>\n<td style=\"width: 70px;\">2 hab.<\/td>\n<\/tr>\n<\/tbody>\n<\/table>\n<p>[\/et_pb_text][et_pb_gallery gallery_ids=\u00bb956,957,958,959,961,964,962,963,966,967,968,969,970,971,972,973&#8243; posts_number=\u00bb16&#8243; show_title_and_caption=\u00bboff\u00bb _builder_version=\u00bb3.0.47&#8243; use_border_color=\u00bboff\u00bb border_color=\u00bb#ffffff\u00bb border_style=\u00bbsolid\u00bb \/][et_pb_text _builder_version=\u00bb3.0.47&#8243; background_size=\u00bbinitial\u00bb background_position=\u00bbtop_left\u00bb background_repeat=\u00bbrepeat\u00bb use_border_color=\u00bboff\u00bb border_color=\u00bb#ffffff\u00bb border_style=\u00bbsolid\u00bb]<\/p>\n<h1>Asu Mari 9<\/h1>\n<p>7 etxebizitzetako kooperatibak Sopelako udal barrutian. Etxebizitza bakoitzak terraza, lorategi gune handia eta txokoa dauzka. Logela 1 eta 2koak, 90-145 m\u00b2-tik aurrera. <\/p>\n<table style=\"margin: 10px;\">\n<tbody>\n<tr>\n<td style=\"width: 100px;\">1. VIVIENDA_A<\/td>\n<td style=\"width: 70px;\">137,75m\u00b2<\/td>\n<td style=\"width: 70px;\">2 hab.<\/td>\n<\/tr>\n<tr>\n<td style=\"width: 100px;\">2. VIVIENDA_B<\/td>\n<td style=\"width: 70px;\">92,47m\u00b2<\/td>\n<td style=\"width: 70px;\">2 hab.<\/td>\n<\/tr>\n<tr>\n<td style=\"width: 100px;\">3. VIVIENDA_C<\/td>\n<td style=\"width: 70px;\">93,20m\u00b2<\/td>\n<td style=\"width: 70px;\">2 hab.<\/td>\n<\/tr>\n<tr>\n<td style=\"width: 100px;\">4. VIVIENDA_D<\/td>\n<td style=\"width: 70px;\">111,94m\u00b2<\/td>\n<td style=\"width: 70px;\">2 hab.<\/td>\n<\/tr>\n<tr>\n<td style=\"width: 100px;\">5. VIVIENDA_E<\/td>\n<td style=\"width: 70px;\">120,36m\u00b2<\/td>\n<td style=\"width: 70px;\">2 hab.<\/td>\n<\/tr>\n<tr>\n<td style=\"width: 100px;\">6. VIVIENDA_F<\/td>\n<td style=\"width: 70px;\">124,01m\u00b2<\/td>\n<td style=\"width: 70px;\">1 hab.<\/td>\n<\/tr>\n<tr>\n<td style=\"width: 100px;\">7. VIVIENDA_G<\/td>\n<td style=\"width: 70px;\">146,38m\u00b2<\/td>\n<td style=\"width: 70px;\">2 hab.<\/td>\n<\/tr>\n<\/tbody>\n<\/table>\n<p>[\/et_pb_text][et_pb_gallery gallery_ids=\u00bb981,980,979,976,977,978,984,983,985,982,987,989&#8243; posts_number=\u00bb12&#8243; show_title_and_caption=\u00bboff\u00bb _builder_version=\u00bb3.0.47&#8243; use_border_color=\u00bboff\u00bb border_color=\u00bb#ffffff\u00bb border_style=\u00bbsolid\u00bb \/][et_pb_text _builder_version=\u00bb3.0.47&#8243; background_size=\u00bbinitial\u00bb background_position=\u00bbtop_left\u00bb background_repeat=\u00bbrepeat\u00bb use_border_color=\u00bboff\u00bb border_color=\u00bb#ffffff\u00bb border_style=\u00bbsolid\u00bb]<\/p>\n<h1>Asu Mari 8<\/h1>\n<p>8 etxebizitzetako kooperatibak Sopelako udal barrutian. Etxebizitza bakoitzak terraza, lorategi gune handia eta txokoa dauzka. Logela 2koak, 120-195 m\u00b2-tik aurrera. <\/p>\n<table style=\"margin: 10px;\">\n<tbody>\n<tr>\n<td style=\"width: 100px;\">1. VIVIENDA_A<\/td>\n<td style=\"width: 70px;\">160,49m\u00b2<\/td>\n<td style=\"width: 70px;\">2 hab.<\/td>\n<\/tr>\n<tr>\n<td style=\"width: 100px;\">2. VIVIENDA_B<\/td>\n<td style=\"width: 70px;\">116,32m\u00b2<\/td>\n<td style=\"width: 70px;\">2 hab.<\/td>\n<\/tr>\n<tr>\n<td style=\"width: 100px;\">3. VIVIENDA_C<\/td>\n<td style=\"width: 70px;\">114,17m\u00b2<\/td>\n<td style=\"width: 70px;\">2 hab.<\/td>\n<\/tr>\n<tr>\n<td style=\"width: 100px;\">4. VIVIENDA_D<\/td>\n<td style=\"width: 70px;\">195,71m\u00b2<\/td>\n<td style=\"width: 70px;\">2 hab.<\/td>\n<\/tr>\n<tr>\n<td style=\"width: 100px;\">5. VIVIENDA_E<\/td>\n<td style=\"width: 70px;\">192,24m\u00b2<\/td>\n<td style=\"width: 70px;\">2 hab.<\/td>\n<\/tr>\n<tr>\n<td style=\"width: 100px;\">6. VIVIENDA_F<\/td>\n<td style=\"width: 70px;\">122,89m\u00b2<\/td>\n<td style=\"width: 70px;\">2 hab.<\/td>\n<\/tr>\n<tr>\n<td style=\"width: 100px;\">7. VIVIENDA_G<\/td>\n<td style=\"width: 70px;\">120,91m\u00b2<\/td>\n<td style=\"width: 70px;\">2 hab.<\/td>\n<\/tr>\n<tr>\n<td style=\"width: 100px;\">8. VIVIENDA_H<\/td>\n<td style=\"width: 70px;\">141,04m\u00b2<\/td>\n<td style=\"width: 70px;\">2 hab.<\/td>\n<\/tr>\n<\/tbody>\n<\/table>\n<p>[\/et_pb_text][et_pb_gallery gallery_ids=\u00bb992,993,994,995,996,997,998,999,1000,1001,1002,1005,1003,1004,1006,991&#8243; posts_number=\u00bb16&#8243; show_title_and_caption=\u00bboff\u00bb _builder_version=\u00bb3.0.47&#8243; use_border_color=\u00bboff\u00bb border_color=\u00bb#ffffff\u00bb border_style=\u00bbsolid\u00bb \/][et_pb_text _builder_version=\u00bb3.0.47&#8243; background_size=\u00bbinitial\u00bb background_position=\u00bbtop_left\u00bb background_repeat=\u00bbrepeat\u00bb use_border_color=\u00bboff\u00bb border_color=\u00bb#ffffff\u00bb border_style=\u00bbsolid\u00bb]<\/p>\n<h1>Asu Mari 7<\/h1>\n<p>4 etxebizitzetako kooperatibak Sopelako udal barrutian. Etxebizitza bakoitzak terraza, lorategi gune handia eta txokoa dauzka. Logela 1 eta 2koak, 115-140-195m\u00b2-tik aurrera.  <\/p>\n<table style=\"margin: 10px;\">\n<tbody>\n<tr>\n<td style=\"width: 100px;\">1. VIVIENDA_A<\/td>\n<td style=\"width: 70px;\">140,77m\u00b2<\/td>\n<td style=\"width: 70px;\">2 hab.<\/td>\n<\/tr>\n<tr>\n<td style=\"width: 100px;\">2. VIVIENDA_B<\/td>\n<td style=\"width: 70px;\">116,02m\u00b2<\/td>\n<td style=\"width: 70px;\">2 hab.<\/td>\n<\/tr>\n<tr>\n<td style=\"width: 100px;\">3. VIVIENDA_C<\/td>\n<td style=\"width: 70px;\">115,25m\u00b2<\/td>\n<td style=\"width: 70px;\">1 hab.<\/td>\n<\/tr>\n<tr>\n<td style=\"width: 100px;\">4. VIVIENDA_D<\/td>\n<td style=\"width: 70px;\">166,8m\u00b2<\/td>\n<td style=\"width: 70px;\">1 hab.<\/td>\n<\/tr>\n<\/tbody>\n<\/table>\n<p>[\/et_pb_text][et_pb_gallery gallery_ids=\u00bb1010,1011,1012,1013,1007,1008,1018,1019,1009,1017,1014,1015&#8243; posts_number=\u00bb12&#8243; show_title_and_caption=\u00bboff\u00bb _builder_version=\u00bb3.0.47&#8243; use_border_color=\u00bboff\u00bb border_color=\u00bb#ffffff\u00bb border_style=\u00bbsolid\u00bb \/][et_pb_text _builder_version=\u00bb3.0.47&#8243; background_size=\u00bbinitial\u00bb background_position=\u00bbtop_left\u00bb background_repeat=\u00bbrepeat\u00bb use_border_color=\u00bboff\u00bb border_color=\u00bb#ffffff\u00bb border_style=\u00bbsolid\u00bb]<\/p>\n<h1>Asu Mari 3<\/h1>\n<p>4 etxebizitzetako kooperatibak Sopelako udal barrutian. Etxebizitza bakoitzak terraza, lorategi gune handia eta txokoa dauzka. Logela 1 eta 2koak, 110-140-160 m\u00b2-tik aurrera.<\/p>\n<table style=\"margin: 10px;\">\n<tbody>\n<tr>\n<td style=\"width: 100px;\">1. VIVIENDA_A<\/td>\n<td style=\"width: 70px;\">163,17m\u00b2<\/td>\n<td style=\"width: 70px;\">2 hab.<\/td>\n<\/tr>\n<tr>\n<td style=\"width: 100px;\">2. VIVIENDA_B<\/td>\n<td style=\"width: 70px;\">110,34m\u00b2<\/td>\n<td style=\"width: 70px;\">2 hab.<\/td>\n<\/tr>\n<tr>\n<td style=\"width: 100px;\">3. VIVIENDA_C<\/td>\n<td style=\"width: 70px;\">111,89m\u00b2<\/td>\n<td style=\"width: 70px;\">1 hab.<\/td>\n<\/tr>\n<tr>\n<td style=\"width: 100px;\">4. VIVIENDA_D<\/td>\n<td style=\"width: 70px;\">143,85m\u00b2<\/td>\n<td style=\"width: 70px;\">1 hab.<\/td>\n<\/tr>\n<\/tbody>\n<\/table>\n<p>[\/et_pb_text][et_pb_gallery gallery_ids=\u00bb1024,1025,1023,1026,1028,1030,1027,1029,1020,1022,1021,1031&#8243; posts_number=\u00bb12&#8243; show_title_and_caption=\u00bboff\u00bb _builder_version=\u00bb3.0.47&#8243; use_border_color=\u00bboff\u00bb border_color=\u00bb#ffffff\u00bb border_style=\u00bbsolid\u00bb \/][et_pb_text _builder_version=\u00bb3.0.47&#8243; background_size=\u00bbinitial\u00bb background_position=\u00bbtop_left\u00bb background_repeat=\u00bbrepeat\u00bb use_border_color=\u00bboff\u00bb border_color=\u00bb#ffffff\u00bb border_style=\u00bbsolid\u00bb]<\/p>\n<h1>Asu Mari 2<\/h1>\n<p>4 eta 8 etxebizitzetako kooperatibak Sopelako udal barrutian. Etxebizitza bakoitzak terraza, lorategi gune handia eta txokoa dauzka. Logela 1 eta 2koak, 110-140-160 m\u00b2-tik aurrera. .<\/p>\n<table style=\"margin: 10px;\">\n<tbody>\n<tr>\n<td style=\"width: 100px;\">1. VIVIENDA_A<\/td>\n<td style=\"width: 70px;\">163,17m\u00b2<\/td>\n<td style=\"width: 70px;\">2 hab.<\/td>\n<\/tr>\n<tr>\n<td style=\"width: 100px;\">2. VIVIENDA_B<\/td>\n<td style=\"width: 70px;\">110,34m\u00b2<\/td>\n<td style=\"width: 70px;\">2 hab.<\/td>\n<\/tr>\n<tr>\n<td style=\"width: 100px;\">3. VIVIENDA_C<\/td>\n<td style=\"width: 70px;\">111,89m\u00b2<\/td>\n<td style=\"width: 70px;\">1 hab.<\/td>\n<\/tr>\n<tr>\n<td style=\"width: 100px;\">4. VIVIENDA_D<\/td>\n<td style=\"width: 70px;\">143,85m\u00b2<\/td>\n<td style=\"width: 70px;\">1 hab.<\/td>\n<\/tr>\n<\/tbody>\n<\/table>\n<p>[\/et_pb_text][et_pb_gallery gallery_ids=\u00bb1036,1037,1034,1035&#8243; posts_number=\u00bb4&#8243; show_title_and_caption=\u00bboff\u00bb _builder_version=\u00bb3.0.47&#8243; use_border_color=\u00bboff\u00bb border_color=\u00bb#ffffff\u00bb border_style=\u00bbsolid\u00bb \/][et_pb_toggle title=\u00bbKalitate Memoria\u00bb _builder_version=\u00bb3.0.47&#8243; background_size=\u00bbinitial\u00bb background_position=\u00bbtop_left\u00bb background_repeat=\u00bbrepeat\u00bb use_border_color=\u00bboff\u00bb border_color=\u00bb#ffffff\u00bb border_style=\u00bbsolid\u00bb]<\/p>\n<p><div class='et-learn-more clearfix'>\n\t\t\t\t\t<h3 class='heading-more'>ESTRUCTURA Y CIMENTACION<span class='et_learnmore_arrow'><span><\/span><\/span><\/h3>\n\t\t\t\t\t<div class='learn-more-content'>Zapatas\/ losa armada, pilares, forjados y fald\u00f3n de cubierta de Hormig\u00f3n Armado.\nLa cimentaci\u00f3n se supone losa armada.\nSe realizar\u00e1 informe geot\u00e9cnico una vez constituida la cooperativa.<\/div>\n\t\t\t\t<\/div><br \/>\n<div class='et-learn-more clearfix'>\n\t\t\t\t\t<h3 class='heading-more'>FACHADA<span class='et_learnmore_arrow'><span><\/span><\/span><\/h3>\n\t\t\t\t\t<div class='learn-more-content'>-Sobre Rasante:\nCierre de fachada formado por hoja de ladrillo cara vista marca Klinker o similar de 12 cm. de espesor + c\u00e1mara aire + poliestireno extruido + hoja interior de ladrillo hueco enfoscado con mortero hidr\u00f3fugo por su cara exterior +enlucido y guarnecido de yeso + pintado.\n-Bajo Rasante:\nExterior acabado en piedra de taco de caliza 9 cm espesor +Muro de hormig\u00f3n armado de 25-30 cm de espesor visto acabado interior pintado.<\/div>\n\t\t\t\t<\/div><br \/>\n<div class='et-learn-more clearfix'>\n\t\t\t\t\t<h3 class='heading-more'>DISTRIBUCION INTERIOR<span class='et_learnmore_arrow'><span><\/span><\/span><\/h3>\n\t\t\t\t\t<div class='learn-more-content'>Separaci\u00f3n entre viviendas hoja de ladrillo perforado de 12 cm. + trasdosado de Lana de Roca perfileria de acero galvanizado y placa de cart\u00f3n yeso 13mm + pintado por ambas caras vistas.\nTabiquer\u00eda con sistema de placa de cart\u00f3n yeso perfiler\u00eda de acero galvanizado.\nLas escaleras que comunican la planta Baja con la planta Semis\u00f3tano ser\u00e1n de hormig\u00f3n armado acabado en baldosa.<\/div>\n\t\t\t\t<\/div><br \/>\n<div class='et-learn-more clearfix'>\n\t\t\t\t\t<h3 class='heading-more'>INSTALACIONES<span class='et_learnmore_arrow'><span><\/span><\/span><\/h3>\n\t\t\t\t\t<div class='learn-more-content'>-Calefacci\u00f3n y A.C.S.\nMediante calderas de condensaci\u00f3n con micro acumulaci\u00f3n individualizadas con combustible\nGas Natural. Radiadores de aluminio.\nSistema b\u00e1sico de captaci\u00f3n de Energ\u00eda Solar instalado en cubierta.\n-Electricidad\nSiguiendo criterios de medici\u00f3n por unidad habitable de antiguo Reglamento de Baja Tensi\u00f3n para un nivel de electrificaci\u00f3n medio.\n-Abastecimiento de agua y Saneamiento\nRed de abastecimiento y red de distribuci\u00f3n interior de polietileno. Griter\u00eda y sanitarios DAMA o similar.<\/div>\n\t\t\t\t<\/div><br \/>\n<div class='et-learn-more clearfix'>\n\t\t\t\t\t<h3 class='heading-more'>PLANTA BAJA<span class='et_learnmore_arrow'><span><\/span><\/span><\/h3>\n\t\t\t\t\t<div class='learn-more-content'>Suelos:\n-Horizontal= Tarima de Elondo 70&#215;18 mm enrrastrelada\n-Techo Planta Baja.=Falso techo de Pladur , acabado WR en n\u00facleos h\u00famedos, y enlucidos + Pintado.\n-Ba\u00f1os y cocinas\nBaldosa en suelo con coste P.V.P = 30 Euros \/m\u00b2.\nBaldosa en paramentos verticales con coste P.V.P = 20 Euros \/m\u00b2<\/div>\n\t\t\t\t<\/div><br \/>\n<div class='et-learn-more clearfix'>\n\t\t\t\t\t<h3 class='heading-more'>CARPINTERIA INTERIOR<span class='et_learnmore_arrow'><span><\/span><\/span><\/h3>\n\t\t\t\t\t<div class='learn-more-content'>-Puertas, rodapi\u00e9s y jambas de DM lacado en blanco.<\/div>\n\t\t\t\t<\/div><br \/>\n<div class='et-learn-more clearfix'>\n\t\t\t\t\t<h3 class='heading-more'>CARPINTERIA EXTERIOR<span class='et_learnmore_arrow'><span><\/span><\/span><\/h3>\n\t\t\t\t\t<div class='learn-more-content'>-Carpinter\u00eda de Aluminio con rotura de puente t\u00e9rmico acabado lacado + Persianas de Aluminio.\n&#8211; Los vidrios ser\u00e1n, Climalit.<\/div>\n\t\t\t\t<\/div><br \/>\n<div class='et-learn-more clearfix'>\n\t\t\t\t\t<h3 class='heading-more'>CUBIERTA<span class='et_learnmore_arrow'><span><\/span><\/span><\/h3>\n\t\t\t\t\t<div class='learn-more-content'>-Acabado en Teja mixta cer\u00e1mica marca TBF o similar. -Canalones y bajantes de aluminio lacado.<\/div>\n\t\t\t\t<\/div><br \/>\n<div class='et-learn-more clearfix'>\n\t\t\t\t\t<h3 class='heading-more'>TERRAZAS<span class='et_learnmore_arrow'><span><\/span><\/span><\/h3>\n\t\t\t\t\t<div class='learn-more-content'>-Baldosa acabado antideslizante Clase 3 seg\u00fan CTE-SU con coste P.V.P 30 Euros \/m\u00b2<\/div>\n\t\t\t\t<\/div><br \/>\n<div class='et-learn-more clearfix'>\n\t\t\t\t\t<h3 class='heading-more'>URBANIZACION<span class='et_learnmore_arrow'><span><\/span><\/span><\/h3>\n\t\t\t\t\t<div class='learn-more-content'>-Muros de cierre de parcela y divisiones entre diferentes propietarios de muro de HA acabado en taco de 9cm piedra caliza, en aquellas caras que den hacia el exterior de la parcela.\n-Acabado de jard\u00edn con siembra de c\u00e9sped.\n-Acceso rodado de Baldosa punta de diamante.\n-Puertas de cierre de parcela en acero galvanizado lacado, con sistema de apertura desde el interior de la vivienda. Acceso garaje comunitario, motorizada para acceso rodado, manual en el acceso peatonal.<\/div>\n\t\t\t\t<\/div><br \/>\n<div class='et-learn-more clearfix'>\n\t\t\t\t\t<h3 class='heading-more'>GARAJE<span class='et_learnmore_arrow'><span><\/span><\/span><\/h3>\n\t\t\t\t\t<div class='learn-more-content'>Zonas Comunes + Plazas Garaje:\nSuelo: Solera de Hormig\u00f3n armado pulida con aplicaci\u00f3n de resina acr\u00edlica.\nTecho: Enfoscado + pintado con instalaciones vistas.<\/div>\n\t\t\t\t<\/div><\/p>\n<p>[\/et_pb_toggle][et_pb_map address=\u00bbSopelana, Vizcaya, Espa\u00f1a\u00bb zoom_level=\u00bb13&#8243; address_lat=\u00bb43.37666716931642&#8243; address_lng=\u00bb-2.98713492590855&#8243; _builder_version=\u00bb3.0.47&#8243; child_filter_saturate=\u00bb100%\u00bb][et_pb_map_pin title=\u00bbasu mari\u00bb pin_address=\u00bbArriatera Etorbidea, 75, 48600 Sopela, Bizkaia, Espa\u00f1a\u00bb pin_address_lat=\u00bb43.38272979853413&#8243; pin_address_lng=\u00bb-2.997491177368147&#8243; _builder_version=\u00bb3.0.47&#8243;][\/et_pb_map_pin][\/et_pb_map][\/et_pb_column][\/et_pb_row][\/et_pb_section]<\/p>\n","protected":false},"excerpt":{"rendered":"<p>4 eta 8 etxebizitzetako kooperatibak Sopelako udal barrutian. Etxebizitza bakoitzak terraza, lorategi gune handia eta txokoa dauzka. Logela 1 eta 2koak, 90 m\u00b2-tik aurrera. Larrabasterrako metro eta Arrietara Atxabiribil hondartzaren ondoan.<\/p>","protected":false},"author":1,"featured_media":3934,"comment_status":"closed","ping_status":"open","sticky":false,"template":"","format":"standard","meta":{"_et_pb_use_builder":"on","_et_pb_old_content":"Cooperativas de 4 y 8 viviendas en el termino municipal de Sopelana. Cada vivienda cuenta con terraza, amplia zona ajardinada y txoko. De 1 y 2 dormitorios, desde 90 m\u00b2. Cerca del metro Larrabasterra y de la playa Arrietara Atxabiribil.\r\n<!--more-->\r\n<h1>Asu Mari 10 (Completa)<\/h1>\r\nCooperativa de 8 viviendas, distribuidas en dos edificios en el termino municipal de Sopelana. Cada vivienda de la cooperativa dispone de amplias zonas de jard\u00edn, txoko y plaza de garaje. Viviendas de 1 y 2 dormitorios, de 110 m\u00b2 y 190 m\u00b2.\r\n<table style=\"margin: 10px;\">\r\n<tbody>\r\n<tr>\r\n<td style=\"width: 100px;\">1. VIVIENDA_A<\/td>\r\n<td style=\"width: 70px;\">140,54m\u00b2<\/td>\r\n<td style=\"width: 70px;\">2 hab.<\/td>\r\n<\/tr>\r\n<tr>\r\n<td style=\"width: 100px;\">2. VIVIENDA_B<\/td>\r\n<td style=\"width: 70px;\">108,66m\u00b2<\/td>\r\n<td style=\"width: 70px;\">1 hab.<\/td>\r\n<\/tr>\r\n<tr>\r\n<td style=\"width: 100px;\">3. VIVIENDA_C<\/td>\r\n<td style=\"width: 70px;\">108,61m\u00b2<\/td>\r\n<td style=\"width: 70px;\">1 hab.<\/td>\r\n<\/tr>\r\n<tr>\r\n<td style=\"width: 100px;\">4. VIVIENDA_D<\/td>\r\n<td style=\"width: 70px;\">193,02m\u00b2<\/td>\r\n<td style=\"width: 70px;\">1 hab.<\/td>\r\n<\/tr>\r\n<tr>\r\n<td style=\"width: 100px;\">5. VIVIENDA_E<\/td>\r\n<td style=\"width: 70px;\">195,78m\u00b2<\/td>\r\n<td style=\"width: 70px;\">1 hab.<\/td>\r\n<\/tr>\r\n<tr>\r\n<td style=\"width: 100px;\">6. VIVIENDA_F<\/td>\r\n<td style=\"width: 70px;\">101,66m\u00b2<\/td>\r\n<td style=\"width: 70px;\">1 hab.<\/td>\r\n<\/tr>\r\n<tr>\r\n<td style=\"width: 100px;\">7. VIVIENDA_G<\/td>\r\n<td style=\"width: 70px;\">100,19m\u00b2<\/td>\r\n<td style=\"width: 70px;\">1 hab.<\/td>\r\n<\/tr>\r\n<tr>\r\n<td style=\"width: 100px;\">8. VIVIENDA_H<\/td>\r\n<td style=\"width: 70px;\">155,85m\u00b2<\/td>\r\n<td style=\"width: 70px;\">2 hab.<\/td>\r\n<\/tr>\r\n<\/tbody>\r\n<\/table>\r\n\r\n[gallery link=\"file\" columns=\"6\" ids=\"956,957,958,959,961,962,963,964,965,966,967,968,969,970,971,972,973\"]\r\n\r\n\u00a0\r\n\r\n<hr \/>\r\n\r\n\u00a0\r\n<h1>Asu Mari 9 (Viviendas Disponibles)<\/h1>\r\nCooperativa de 7 viviendas, distribuidas en dos edificios en el termino municipal de Sopelana. Cada vivienda de la cooperativa dispone de amplias zonas de jard\u00edn, txoko y plaza de garaje. Viviendas de 2 dormitorios, de entre 90 m\u00b2 y 145 m\u00b2.\r\n<table style=\"margin: 10px;\">\r\n<tbody>\r\n<tr>\r\n<td style=\"width: 100px;\">1. VIVIENDA_A<\/td>\r\n<td style=\"width: 70px;\">137,75m\u00b2<\/td>\r\n<td style=\"width: 70px;\">2 hab.<\/td>\r\n<\/tr>\r\n<tr>\r\n<td style=\"width: 100px;\">2. VIVIENDA_B<\/td>\r\n<td style=\"width: 70px;\">92,47m\u00b2<\/td>\r\n<td style=\"width: 70px;\">2 hab.<\/td>\r\n<\/tr>\r\n<tr>\r\n<td style=\"width: 100px;\">3. VIVIENDA_C<\/td>\r\n<td style=\"width: 70px;\">93,20m\u00b2<\/td>\r\n<td style=\"width: 70px;\">2 hab.<\/td>\r\n<\/tr>\r\n<tr>\r\n<td style=\"width: 100px;\">4. VIVIENDA_D<\/td>\r\n<td style=\"width: 70px;\">111,94m\u00b2<\/td>\r\n<td style=\"width: 70px;\">2 hab.<\/td>\r\n<\/tr>\r\n<tr>\r\n<td style=\"width: 100px;\">5. VIVIENDA_E<\/td>\r\n<td style=\"width: 70px;\">120,36m\u00b2<\/td>\r\n<td style=\"width: 70px;\">2 hab.<\/td>\r\n<\/tr>\r\n<tr>\r\n<td style=\"width: 100px;\">6. VIVIENDA_F<\/td>\r\n<td style=\"width: 70px;\">124,01m\u00b2<\/td>\r\n<td style=\"width: 70px;\">1 hab.<\/td>\r\n<\/tr>\r\n<tr>\r\n<td style=\"width: 100px;\">7. VIVIENDA_G<\/td>\r\n<td style=\"width: 70px;\">146,38m\u00b2<\/td>\r\n<td style=\"width: 70px;\">2 hab.<\/td>\r\n<\/tr>\r\n<\/tbody>\r\n<\/table>\r\n[gallery link=\"file\" ids=\"381,380,379,378,377,376,375,374,373,372,371,367,370,369,368\"]\r\n\r\n\u00a0\r\n\r\n<hr \/>\r\n\r\n\u00a0\r\n<h1>Asu Mari 8 (Completa)<\/h1>\r\nCooperativa de 8 viviendas, distribuidas en dos edificios en el termino municipal de Sopelana. Cada vivienda de la cooperativa dispone de amplias zonas de jard\u00edn, txoko y plaza de garaje. Viviendas de 2 dormitorios y de entre 120 m\u00b2 y 195 m\u00b2.\r\n<table style=\"margin: 10px;\">\r\n<tbody>\r\n<tr>\r\n<td style=\"width: 100px;\">1. VIVIENDA_A<\/td>\r\n<td style=\"width: 70px;\">160,49m\u00b2<\/td>\r\n<td style=\"width: 70px;\">2 hab.<\/td>\r\n<\/tr>\r\n<tr>\r\n<td style=\"width: 100px;\">2. VIVIENDA_B<\/td>\r\n<td style=\"width: 70px;\">116,32m\u00b2<\/td>\r\n<td style=\"width: 70px;\">2 hab.<\/td>\r\n<\/tr>\r\n<tr>\r\n<td style=\"width: 100px;\">3. VIVIENDA_C<\/td>\r\n<td style=\"width: 70px;\">114,17m\u00b2<\/td>\r\n<td style=\"width: 70px;\">2 hab.<\/td>\r\n<\/tr>\r\n<tr>\r\n<td style=\"width: 100px;\">4. VIVIENDA_D<\/td>\r\n<td style=\"width: 70px;\">195,71m\u00b2<\/td>\r\n<td style=\"width: 70px;\">2 hab.<\/td>\r\n<\/tr>\r\n<tr>\r\n<td style=\"width: 100px;\">5. VIVIENDA_E<\/td>\r\n<td style=\"width: 70px;\">192,24m\u00b2<\/td>\r\n<td style=\"width: 70px;\">2 hab.<\/td>\r\n<\/tr>\r\n<tr>\r\n<td style=\"width: 100px;\">6. VIVIENDA_F<\/td>\r\n<td style=\"width: 70px;\">122,89m\u00b2<\/td>\r\n<td style=\"width: 70px;\">2 hab.<\/td>\r\n<\/tr>\r\n<tr>\r\n<td style=\"width: 100px;\">7. VIVIENDA_G<\/td>\r\n<td style=\"width: 70px;\">120,91m\u00b2<\/td>\r\n<td style=\"width: 70px;\">2 hab.<\/td>\r\n<\/tr>\r\n<tr>\r\n<td style=\"width: 100px;\">8. VIVIENDA_H<\/td>\r\n<td style=\"width: 70px;\">141,04m\u00b2<\/td>\r\n<td style=\"width: 70px;\">2 hab.<\/td>\r\n<\/tr>\r\n<\/tbody>\r\n<\/table>\r\n[gallery ids=\"366,365,364,363,362,361,360,359,358,357,356,355,354,353,352,351\"]\r\n\r\n\u00a0\r\n\r\n<hr \/>\r\n\r\n\u00a0\r\n<h1>Asu Mari 7 (Completa)<\/h1>\r\nCooperativa de 4 viviendas en el termino municipal de Sopelana. Cada vivienda de la cooperativa dispone de amplias zonas de jard\u00edn, txoko y plaza de garaje. Viviendas de 1 y 2 dormitorios, de 115 m\u00b2, 140 m\u00b2 y 195 m\u00b2.\r\n<table style=\"margin: 10px;\">\r\n<tbody>\r\n<tr>\r\n<td style=\"width: 100px;\">1. VIVIENDA_A<\/td>\r\n<td style=\"width: 70px;\">140,77m\u00b2<\/td>\r\n<td style=\"width: 70px;\">2 hab.<\/td>\r\n<\/tr>\r\n<tr>\r\n<td style=\"width: 100px;\">2. VIVIENDA_B<\/td>\r\n<td style=\"width: 70px;\">116,02m\u00b2<\/td>\r\n<td style=\"width: 70px;\">2 hab.<\/td>\r\n<\/tr>\r\n<tr>\r\n<td style=\"width: 100px;\">3. VIVIENDA_C<\/td>\r\n<td style=\"width: 70px;\">115,25m\u00b2<\/td>\r\n<td style=\"width: 70px;\">1 hab.<\/td>\r\n<\/tr>\r\n<tr>\r\n<td style=\"width: 100px;\">4. VIVIENDA_D<\/td>\r\n<td style=\"width: 70px;\">166,8m\u00b2<\/td>\r\n<td style=\"width: 70px;\">1 hab.<\/td>\r\n<\/tr>\r\n<\/tbody>\r\n<\/table>\r\n[gallery ids=\"350,349,348,347,346,345,344,343,342,341,340,339,338\"]\r\n\r\n\u00a0\r\n\r\n<hr \/>\r\n\r\n\u00a0\r\n<h1>Asu Mari 3 (Construida)<\/h1>\r\nCooperativa de 4 viviendas en el termino municipal de Sopelana. Cada vivienda de la cooperativa dispone de amplias zonas de jard\u00edn, txoko y plaza de garaje. Viviendas de 1 y 2 dormitorios, de 110 m\u00b2, 140 m\u00b2 y 160 m\u00b2.\r\n<table style=\"margin: 10px;\">\r\n<tbody>\r\n<tr>\r\n<td style=\"width: 100px;\">1. VIVIENDA_A<\/td>\r\n<td style=\"width: 70px;\">163,17m\u00b2<\/td>\r\n<td style=\"width: 70px;\">2 hab.<\/td>\r\n<\/tr>\r\n<tr>\r\n<td style=\"width: 100px;\">2. VIVIENDA_B<\/td>\r\n<td style=\"width: 70px;\">110,34m\u00b2<\/td>\r\n<td style=\"width: 70px;\">2 hab.<\/td>\r\n<\/tr>\r\n<tr>\r\n<td style=\"width: 100px;\">3. VIVIENDA_C<\/td>\r\n<td style=\"width: 70px;\">111,89m\u00b2<\/td>\r\n<td style=\"width: 70px;\">1 hab.<\/td>\r\n<\/tr>\r\n<tr>\r\n<td style=\"width: 100px;\">4. VIVIENDA_D<\/td>\r\n<td style=\"width: 70px;\">143,85m\u00b2<\/td>\r\n<td style=\"width: 70px;\">1 hab.<\/td>\r\n<\/tr>\r\n<\/tbody>\r\n<\/table>\r\n[gallery ids=\"337,336,335,334,333,332,331,330,329,408,407,406\"]\r\n\r\n\u00a0\r\n\r\n<hr \/>\r\n\r\n\u00a0\r\n<h1>Asu Mari 2 (Construida)<\/h1>\r\nCooperativa de 4 viviendas en el termino municipal de Sopelana. Cada vivienda de la cooperativa dispone de amplias zonas de jard\u00edn, txoko y plaza de garaje. Viviendas de 1 y 2 dormitorios, de 110 m\u00b2, 140 m\u00b2 y 160 m\u00b2.\r\n<table style=\"margin: 10px;\">\r\n<tbody>\r\n<tr>\r\n<td style=\"width: 100px;\">1. VIVIENDA_A<\/td>\r\n<td style=\"width: 70px;\">163,17m\u00b2<\/td>\r\n<td style=\"width: 70px;\">2 hab.<\/td>\r\n<\/tr>\r\n<tr>\r\n<td style=\"width: 100px;\">2. VIVIENDA_B<\/td>\r\n<td style=\"width: 70px;\">110,34m\u00b2<\/td>\r\n<td style=\"width: 70px;\">2 hab.<\/td>\r\n<\/tr>\r\n<tr>\r\n<td style=\"width: 100px;\">3. VIVIENDA_C<\/td>\r\n<td style=\"width: 70px;\">111,89m\u00b2<\/td>\r\n<td style=\"width: 70px;\">1 hab.<\/td>\r\n<\/tr>\r\n<tr>\r\n<td style=\"width: 100px;\">4. VIVIENDA_D<\/td>\r\n<td style=\"width: 70px;\">143,85m\u00b2<\/td>\r\n<td style=\"width: 70px;\">1 hab.<\/td>\r\n<\/tr>\r\n<\/tbody>\r\n<\/table>\r\n[gallery ids=\"405,404,403,402,401,400,399\"]\r\n\r\n\u00a0\r\n\r\n<hr \/>\r\n\r\n\u00a0\r\n<h2>Memoria de calidades<\/h2>\r\n[learn_more caption=\"ESTRUCTURA Y CIMENTACION\"]\r\nZapatas\/ losa armada, pilares, forjados y fald\u00f3n de cubierta de Hormig\u00f3n Armado.\r\nLa cimentaci\u00f3n se supone losa armada.\r\nSe realizar\u00e1 informe geot\u00e9cnico una vez constituida la cooperativa.\r\n[\/learn_more]\r\n[learn_more caption=\"FACHADA\"]\r\n-Sobre Rasante:\r\nCierre de fachada formado por hoja de ladrillo cara vista marca Klinker o similar de 12 cm. de espesor + c\u00e1mara aire + poliestireno extruido + hoja interior de ladrillo hueco enfoscado con mortero hidr\u00f3fugo por su cara exterior +enlucido y guarnecido de yeso + pintado.\r\n-Bajo Rasante:\r\nExterior acabado en piedra de taco de caliza 9 cm espesor +Muro de hormig\u00f3n armado de 25-30 cm de espesor visto acabado interior pintado.\r\n[\/learn_more]\r\n[learn_more caption=\"DISTRIBUCION INTERIOR\"]\r\nSeparaci\u00f3n entre viviendas hoja de ladrillo perforado de 12 cm. + trasdosado de Lana de Roca perfileria de acero galvanizado y placa de cart\u00f3n yeso 13mm + pintado por ambas caras vistas.\r\nTabiquer\u00eda con sistema de placa de cart\u00f3n yeso perfiler\u00eda de acero galvanizado.\r\nLas escaleras que comunican la planta Baja con la planta Semis\u00f3tano ser\u00e1n de hormig\u00f3n armado acabado en baldosa.\r\n[\/learn_more]\r\n[learn_more caption=\"INSTALACIONES\"]\r\n-Calefacci\u00f3n y A.C.S.\r\nMediante calderas de condensaci\u00f3n con micro acumulaci\u00f3n individualizadas con combustible\r\nGas Natural. Radiadores de aluminio.\r\nSistema b\u00e1sico de captaci\u00f3n de Energ\u00eda Solar instalado en cubierta.\r\n-Electricidad\r\nSiguiendo criterios de medici\u00f3n por unidad habitable de antiguo Reglamento de Baja Tensi\u00f3n para un nivel de electrificaci\u00f3n medio.\r\n-Abastecimiento de agua y Saneamiento\r\nRed de abastecimiento y red de distribuci\u00f3n interior de polietileno. Griter\u00eda y sanitarios DAMA o similar.\r\n[\/learn_more]\r\n[learn_more caption=\"PLANTA BAJA\"]\r\nSuelos:\r\n-Horizontal= Tarima de Elondo 70x18 mm enrrastrelada\r\n-Techo Planta Baja.=Falso techo de Pladur , acabado WR en n\u00facleos h\u00famedos, y enlucidos + Pintado.\r\n-Ba\u00f1os y cocinas\r\nBaldosa en suelo con coste P.V.P = 30 Euros \/m\u00b2.\r\nBaldosa en paramentos verticales con coste P.V.P = 20 Euros \/m\u00b2\r\n[\/learn_more]\r\n[learn_more caption=\"CARPINTERIA INTERIOR\"]\r\n-Puertas, rodapi\u00e9s y jambas de DM lacado en blanco.\r\n[\/learn_more]\r\n[learn_more caption=\"CARPINTERIA EXTERIOR\"]\r\n-Carpinter\u00eda de Aluminio con rotura de puente t\u00e9rmico acabado lacado + Persianas de Aluminio.\r\n- Los vidrios ser\u00e1n, Climalit.\r\n[\/learn_more]\r\n[learn_more caption=\"CUBIERTA\"]\r\n-Acabado en Teja mixta cer\u00e1mica marca TBF o similar. -Canalones y bajantes de aluminio lacado.\r\n[\/learn_more]\r\n[learn_more caption=\"TERRAZAS\"]\r\n-Baldosa acabado antideslizante Clase 3 seg\u00fan CTE-SU con coste P.V.P 30 Euros \/m\u00b2\r\n[\/learn_more]\r\n[learn_more caption=\"URBANIZACION\"]\r\n-Muros de cierre de parcela y divisiones entre diferentes propietarios de muro de HA acabado en taco de 9cm piedra caliza, en aquellas caras que den hacia el exterior de la parcela.\r\n-Acabado de jard\u00edn con siembra de c\u00e9sped.\r\n-Acceso rodado de Baldosa punta de diamante.\r\n-Puertas de cierre de parcela en acero galvanizado lacado, con sistema de apertura desde el interior de la vivienda. Acceso garaje comunitario, motorizada para acceso rodado, manual en el acceso peatonal.\r\n[\/learn_more]\r\n[learn_more caption=\"GARAJE\"]\r\nZonas Comunes + Plazas Garaje:\r\nSuelo: Solera de Hormig\u00f3n armado pulida con aplicaci\u00f3n de resina acr\u00edlica.\r\nTecho: Enfoscado + pintado con instalaciones vistas.\r\n[\/learn_more]","_et_gb_content_width":"","footnotes":""},"categories":[65],"tags":[],"class_list":["post-4493","post","type-post","status-publish","format-standard","has-post-thumbnail","hentry","category-amaitutak","et-has-post-format-content","et_post_format-et-post-format-standard"],"yoast_head":"<!-- This site is optimized with the Yoast SEO plugin v25.2 - https:\/\/yoast.com\/wordpress\/plugins\/seo\/ -->\n<title>Asu mari Kooperativa Ingiru<\/title>\n<meta name=\"description\" content=\"Gesti\u00f3n Inmobiliaria. Expertos en Cooperativas de viviendas en Bizkaia\" \/>\n<meta name=\"robots\" content=\"index, follow, max-snippet:-1, max-image-preview:large, max-video-preview:-1\" \/>\n<link rel=\"canonical\" href=\"https:\/\/ingiru.com\/eu\/asu-mari\/\" \/>\n<meta property=\"og:locale\" content=\"en_US\" \/>\n<meta property=\"og:type\" content=\"article\" \/>\n<meta property=\"og:title\" content=\"Asu mari Kooperativa Ingiru\" \/>\n<meta property=\"og:description\" content=\"Gesti\u00f3n Inmobiliaria. Expertos en Cooperativas de viviendas en Bizkaia\" \/>\n<meta property=\"og:url\" content=\"https:\/\/ingiru.com\/eu\/asu-mari\/\" \/>\n<meta property=\"og:site_name\" content=\"ingiru: Cooperativas de viviendas.\" \/>\n<meta property=\"article:publisher\" content=\"https:\/\/www.facebook.com\/IngiruLiving\" \/>\n<meta property=\"article:published_time\" content=\"2018-05-16T10:49:12+00:00\" \/>\n<meta property=\"article:modified_time\" content=\"2018-05-16T10:49:55+00:00\" \/>\n<meta property=\"og:image\" content=\"https:\/\/ingiru.com\/wp-content\/uploads\/2014\/02\/asumari-destacada.jpg\" \/>\n\t<meta property=\"og:image:width\" content=\"954\" \/>\n\t<meta property=\"og:image:height\" content=\"295\" \/>\n\t<meta property=\"og:image:type\" content=\"image\/jpeg\" \/>\n<meta name=\"author\" content=\"ingiru\" \/>\n<meta name=\"twitter:card\" content=\"summary_large_image\" \/>\n<meta name=\"twitter:creator\" content=\"@IngiruLiving\" \/>\n<meta name=\"twitter:site\" content=\"@IngiruLiving\" \/>\n<meta name=\"twitter:label1\" content=\"Written by\" \/>\n\t<meta name=\"twitter:data1\" content=\"ingiru\" \/>\n\t<meta name=\"twitter:label2\" content=\"Est. reading time\" \/>\n\t<meta name=\"twitter:data2\" content=\"7 minutua\" \/>\n<script type=\"application\/ld+json\" class=\"yoast-schema-graph\">{\"@context\":\"https:\/\/schema.org\",\"@graph\":[{\"@type\":\"Article\",\"@id\":\"https:\/\/ingiru.com\/eu\/asu-mari\/#article\",\"isPartOf\":{\"@id\":\"https:\/\/ingiru.com\/eu\/asu-mari\/\"},\"author\":{\"name\":\"ingiru\",\"@id\":\"https:\/\/ingiru.com\/#\/schema\/person\/dcafbe853ef0e942224ba21eb7a8269c\"},\"headline\":\"asu mari\",\"datePublished\":\"2018-05-16T10:49:12+00:00\",\"dateModified\":\"2018-05-16T10:49:55+00:00\",\"mainEntityOfPage\":{\"@id\":\"https:\/\/ingiru.com\/eu\/asu-mari\/\"},\"wordCount\":1312,\"publisher\":{\"@id\":\"https:\/\/ingiru.com\/#organization\"},\"image\":{\"@id\":\"https:\/\/ingiru.com\/eu\/asu-mari\/#primaryimage\"},\"thumbnailUrl\":\"https:\/\/ingiru.com\/wp-content\/uploads\/2014\/02\/asumari-destacada.jpg\",\"articleSection\":[\"Amaitutak\"],\"inLanguage\":\"eu\"},{\"@type\":\"WebPage\",\"@id\":\"https:\/\/ingiru.com\/eu\/asu-mari\/\",\"url\":\"https:\/\/ingiru.com\/eu\/asu-mari\/\",\"name\":\"Asu mari Kooperativa Ingiru\",\"isPartOf\":{\"@id\":\"https:\/\/ingiru.com\/#website\"},\"primaryImageOfPage\":{\"@id\":\"https:\/\/ingiru.com\/eu\/asu-mari\/#primaryimage\"},\"image\":{\"@id\":\"https:\/\/ingiru.com\/eu\/asu-mari\/#primaryimage\"},\"thumbnailUrl\":\"https:\/\/ingiru.com\/wp-content\/uploads\/2014\/02\/asumari-destacada.jpg\",\"datePublished\":\"2018-05-16T10:49:12+00:00\",\"dateModified\":\"2018-05-16T10:49:55+00:00\",\"description\":\"Gesti\u00f3n Inmobiliaria. Expertos en Cooperativas de viviendas en Bizkaia\",\"breadcrumb\":{\"@id\":\"https:\/\/ingiru.com\/eu\/asu-mari\/#breadcrumb\"},\"inLanguage\":\"eu\",\"potentialAction\":[{\"@type\":\"ReadAction\",\"target\":[\"https:\/\/ingiru.com\/eu\/asu-mari\/\"]}]},{\"@type\":\"ImageObject\",\"inLanguage\":\"eu\",\"@id\":\"https:\/\/ingiru.com\/eu\/asu-mari\/#primaryimage\",\"url\":\"https:\/\/ingiru.com\/wp-content\/uploads\/2014\/02\/asumari-destacada.jpg\",\"contentUrl\":\"https:\/\/ingiru.com\/wp-content\/uploads\/2014\/02\/asumari-destacada.jpg\",\"width\":954,\"height\":295},{\"@type\":\"BreadcrumbList\",\"@id\":\"https:\/\/ingiru.com\/eu\/asu-mari\/#breadcrumb\",\"itemListElement\":[{\"@type\":\"ListItem\",\"position\":1,\"name\":\"Portada\",\"item\":\"https:\/\/ingiru.com\/\"},{\"@type\":\"ListItem\",\"position\":2,\"name\":\"asu mari\"}]},{\"@type\":\"WebSite\",\"@id\":\"https:\/\/ingiru.com\/#website\",\"url\":\"https:\/\/ingiru.com\/\",\"name\":\"ingiru: Cooperativas de viviendas.\",\"description\":\"Gesti\u00f3n y promoci\u00f3n inmobiliaria en Uribe Kosta y Getxo. Viviendas personalizables de m\u00e1xima calidad a precio de coste.\",\"publisher\":{\"@id\":\"https:\/\/ingiru.com\/#organization\"},\"potentialAction\":[{\"@type\":\"SearchAction\",\"target\":{\"@type\":\"EntryPoint\",\"urlTemplate\":\"https:\/\/ingiru.com\/?s={search_term_string}\"},\"query-input\":{\"@type\":\"PropertyValueSpecification\",\"valueRequired\":true,\"valueName\":\"search_term_string\"}}],\"inLanguage\":\"eu\"},{\"@type\":\"Organization\",\"@id\":\"https:\/\/ingiru.com\/#organization\",\"name\":\"INGIRU\",\"url\":\"https:\/\/ingiru.com\/\",\"logo\":{\"@type\":\"ImageObject\",\"inLanguage\":\"eu\",\"@id\":\"https:\/\/ingiru.com\/#\/schema\/logo\/image\/\",\"url\":\"https:\/\/ingiru.com\/wp-content\/uploads\/2017\/04\/cropped-ingiru-icon.png\",\"contentUrl\":\"https:\/\/ingiru.com\/wp-content\/uploads\/2017\/04\/cropped-ingiru-icon.png\",\"width\":512,\"height\":512,\"caption\":\"INGIRU\"},\"image\":{\"@id\":\"https:\/\/ingiru.com\/#\/schema\/logo\/image\/\"},\"sameAs\":[\"https:\/\/www.facebook.com\/IngiruLiving\",\"https:\/\/x.com\/IngiruLiving\",\"https:\/\/www.instagram.com\/ingiruliving\/\",\"https:\/\/www.linkedin.com\/company\/ingiru\/\",\"https:\/\/www.youtube.com\/channel\/UChmq_WVqo-IzAqlhdEKRX7w\"]},{\"@type\":\"Person\",\"@id\":\"https:\/\/ingiru.com\/#\/schema\/person\/dcafbe853ef0e942224ba21eb7a8269c\",\"name\":\"ingiru\"}]}<\/script>\n<!-- \/ Yoast SEO plugin. -->","yoast_head_json":{"title":"Asu mari Kooperativa Ingiru","description":"Gesti\u00f3n Inmobiliaria. Expertos en Cooperativas de viviendas en Bizkaia","robots":{"index":"index","follow":"follow","max-snippet":"max-snippet:-1","max-image-preview":"max-image-preview:large","max-video-preview":"max-video-preview:-1"},"canonical":"https:\/\/ingiru.com\/eu\/asu-mari\/","og_locale":"en_US","og_type":"article","og_title":"Asu mari Kooperativa Ingiru","og_description":"Gesti\u00f3n Inmobiliaria. Expertos en Cooperativas de viviendas en Bizkaia","og_url":"https:\/\/ingiru.com\/eu\/asu-mari\/","og_site_name":"ingiru: Cooperativas de viviendas.","article_publisher":"https:\/\/www.facebook.com\/IngiruLiving","article_published_time":"2018-05-16T10:49:12+00:00","article_modified_time":"2018-05-16T10:49:55+00:00","og_image":[{"width":954,"height":295,"url":"https:\/\/ingiru.com\/wp-content\/uploads\/2014\/02\/asumari-destacada.jpg","type":"image\/jpeg"}],"author":"ingiru","twitter_card":"summary_large_image","twitter_creator":"@IngiruLiving","twitter_site":"@IngiruLiving","twitter_misc":{"Written by":"ingiru","Est. reading time":"7 minutua"},"schema":{"@context":"https:\/\/schema.org","@graph":[{"@type":"Article","@id":"https:\/\/ingiru.com\/eu\/asu-mari\/#article","isPartOf":{"@id":"https:\/\/ingiru.com\/eu\/asu-mari\/"},"author":{"name":"ingiru","@id":"https:\/\/ingiru.com\/#\/schema\/person\/dcafbe853ef0e942224ba21eb7a8269c"},"headline":"asu mari","datePublished":"2018-05-16T10:49:12+00:00","dateModified":"2018-05-16T10:49:55+00:00","mainEntityOfPage":{"@id":"https:\/\/ingiru.com\/eu\/asu-mari\/"},"wordCount":1312,"publisher":{"@id":"https:\/\/ingiru.com\/#organization"},"image":{"@id":"https:\/\/ingiru.com\/eu\/asu-mari\/#primaryimage"},"thumbnailUrl":"https:\/\/ingiru.com\/wp-content\/uploads\/2014\/02\/asumari-destacada.jpg","articleSection":["Amaitutak"],"inLanguage":"eu"},{"@type":"WebPage","@id":"https:\/\/ingiru.com\/eu\/asu-mari\/","url":"https:\/\/ingiru.com\/eu\/asu-mari\/","name":"Asu mari Kooperativa Ingiru","isPartOf":{"@id":"https:\/\/ingiru.com\/#website"},"primaryImageOfPage":{"@id":"https:\/\/ingiru.com\/eu\/asu-mari\/#primaryimage"},"image":{"@id":"https:\/\/ingiru.com\/eu\/asu-mari\/#primaryimage"},"thumbnailUrl":"https:\/\/ingiru.com\/wp-content\/uploads\/2014\/02\/asumari-destacada.jpg","datePublished":"2018-05-16T10:49:12+00:00","dateModified":"2018-05-16T10:49:55+00:00","description":"Gesti\u00f3n Inmobiliaria. Expertos en Cooperativas de viviendas en Bizkaia","breadcrumb":{"@id":"https:\/\/ingiru.com\/eu\/asu-mari\/#breadcrumb"},"inLanguage":"eu","potentialAction":[{"@type":"ReadAction","target":["https:\/\/ingiru.com\/eu\/asu-mari\/"]}]},{"@type":"ImageObject","inLanguage":"eu","@id":"https:\/\/ingiru.com\/eu\/asu-mari\/#primaryimage","url":"https:\/\/ingiru.com\/wp-content\/uploads\/2014\/02\/asumari-destacada.jpg","contentUrl":"https:\/\/ingiru.com\/wp-content\/uploads\/2014\/02\/asumari-destacada.jpg","width":954,"height":295},{"@type":"BreadcrumbList","@id":"https:\/\/ingiru.com\/eu\/asu-mari\/#breadcrumb","itemListElement":[{"@type":"ListItem","position":1,"name":"Portada","item":"https:\/\/ingiru.com\/"},{"@type":"ListItem","position":2,"name":"asu mari"}]},{"@type":"WebSite","@id":"https:\/\/ingiru.com\/#website","url":"https:\/\/ingiru.com\/","name":"ingiru: Cooperativas de viviendas.","description":"Gesti\u00f3n y promoci\u00f3n inmobiliaria en Uribe Kosta y Getxo. Viviendas personalizables de m\u00e1xima calidad a precio de coste.","publisher":{"@id":"https:\/\/ingiru.com\/#organization"},"potentialAction":[{"@type":"SearchAction","target":{"@type":"EntryPoint","urlTemplate":"https:\/\/ingiru.com\/?s={search_term_string}"},"query-input":{"@type":"PropertyValueSpecification","valueRequired":true,"valueName":"search_term_string"}}],"inLanguage":"eu"},{"@type":"Organization","@id":"https:\/\/ingiru.com\/#organization","name":"INGIRU","url":"https:\/\/ingiru.com\/","logo":{"@type":"ImageObject","inLanguage":"eu","@id":"https:\/\/ingiru.com\/#\/schema\/logo\/image\/","url":"https:\/\/ingiru.com\/wp-content\/uploads\/2017\/04\/cropped-ingiru-icon.png","contentUrl":"https:\/\/ingiru.com\/wp-content\/uploads\/2017\/04\/cropped-ingiru-icon.png","width":512,"height":512,"caption":"INGIRU"},"image":{"@id":"https:\/\/ingiru.com\/#\/schema\/logo\/image\/"},"sameAs":["https:\/\/www.facebook.com\/IngiruLiving","https:\/\/x.com\/IngiruLiving","https:\/\/www.instagram.com\/ingiruliving\/","https:\/\/www.linkedin.com\/company\/ingiru\/","https:\/\/www.youtube.com\/channel\/UChmq_WVqo-IzAqlhdEKRX7w"]},{"@type":"Person","@id":"https:\/\/ingiru.com\/#\/schema\/person\/dcafbe853ef0e942224ba21eb7a8269c","name":"INGIRU"}]}},"_links":{"self":[{"href":"https:\/\/ingiru.com\/eu\/wp-json\/wp\/v2\/posts\/4493"}],"collection":[{"href":"https:\/\/ingiru.com\/eu\/wp-json\/wp\/v2\/posts"}],"about":[{"href":"https:\/\/ingiru.com\/eu\/wp-json\/wp\/v2\/types\/post"}],"author":[{"embeddable":true,"href":"https:\/\/ingiru.com\/eu\/wp-json\/wp\/v2\/users\/1"}],"replies":[{"embeddable":true,"href":"https:\/\/ingiru.com\/eu\/wp-json\/wp\/v2\/comments?post=4493"}],"version-history":[{"count":8,"href":"https:\/\/ingiru.com\/eu\/wp-json\/wp\/v2\/posts\/4493\/revisions"}],"predecessor-version":[{"id":4501,"href":"https:\/\/ingiru.com\/eu\/wp-json\/wp\/v2\/posts\/4493\/revisions\/4501"}],"wp:featuredmedia":[{"embeddable":true,"href":"https:\/\/ingiru.com\/eu\/wp-json\/wp\/v2\/media\/3934"}],"wp:attachment":[{"href":"https:\/\/ingiru.com\/eu\/wp-json\/wp\/v2\/media?parent=4493"}],"wp:term":[{"taxonomy":"category","embeddable":true,"href":"https:\/\/ingiru.com\/eu\/wp-json\/wp\/v2\/categories?post=4493"},{"taxonomy":"post_tag","embeddable":true,"href":"https:\/\/ingiru.com\/eu\/wp-json\/wp\/v2\/tags?post=4493"}],"curies":[{"name":"wp","href":"https:\/\/api.w.org\/{rel}","templated":true}]}}